{"id":88,"date":"2017-03-10T09:10:14","date_gmt":"2017-03-10T09:10:14","guid":{"rendered":"http:\/\/christine-miller.dv.themerex.net\/?p=88"},"modified":"2022-07-16T23:57:32","modified_gmt":"2022-07-16T21:57:32","slug":"how-to-relax-on-vacation","status":"publish","type":"post","link":"https:\/\/www.europejobcenter.com\/de\/how-to-relax-on-vacation\/","title":{"rendered":"Ausl\u00e4ndische Pflegekr\u00e4fte f\u00fcr den deutschen Arbeitsmarkt gewinnen"},"content":{"rendered":"<header><\/header>\n<p>Die Fachkr\u00e4fteengp\u00e4sse in der Pflege nehmen seit Jahren zu. Zunehmend wird in der Branche auf ausl\u00e4ndische Pflegekr\u00e4fte gesetzt, insbesondere auch aus Nicht-EU-Staaten \u2013 sie \u00fcbersteigen mittlerweile die Zahl der Pflegekr\u00e4fte aus EU-Staaten. Im aktuellen Newsletter zeigen wir auf, welche M\u00f6glichkeiten Arbeitgeber haben, um das Fachkr\u00e4fte- und Nachwuchspotential im Ausland zu nutzen und was sie dabei beachten m\u00fcssen.<\/p>\n<h2 class=\"no-underline\">Die Arbeitsmarktsituation in der Pflege<\/h2>\n<h3>Mehr freie Stellen als arbeitslose Pflegefachkr\u00e4fte<\/h3>\n<p>Die Statistiken der\u00a0<a class=\"glossar has-tip\" tabindex=\"1\" title=\"\" href=\"https:\/\/www.make-it-in-germany.com\/de\/service\/glossar\/glossar\/do\/show\/bundesagentur-fuer-arbeit\" data-tooltip=\"\" data-position=\"bottom\" data-alignment=\"left\" aria-describedby=\"my64ax-tooltip\" data-yeti-box=\"my64ax-tooltip\" data-toggle=\"my64ax-tooltip\" data-resize=\"my64ax-tooltip\" data-e=\"hmqomm-e\"><mark class=\"glossar\" data-markjs=\"true\">Bundesagentur f\u00fcr Arbeit<\/mark><\/a>\u00a0(BA) zeigen, was viele Kranken- und Pflegeeinrichtungen schon l\u00e4ngst sp\u00fcren: es gibt unverkennbare berufliche Engp\u00e4sse in der Pflege. Die BA ordnet sowohl die Berufe in der Kranken- als auch in der Altenpflege als\u00a0<strong>Engpassberufe<\/strong>\u00a0ein \u2013 und zwar in allen deutschen Bundesl\u00e4ndern<sup><sub>[1]<\/sub><\/sup>.<\/p>\n<p>W\u00e4hrend es auf Helferniveau mehr Arbeitslose als freie Stellen gibt, stellt sich die Situation auf Ebene der Fachkr\u00e4fte umgekehrt dar. Die Zahl der arbeitslosen Fachkr\u00e4fte im Verh\u00e4ltnis zu den ihrer Qualifikation entsprechenden offenen Stellen ist in den letzten Jahren deutlich gesunken. 2020 waren nur 47 arbeitslose Krankenpflegekr\u00e4fte auf 100 ihrer Qualifikation entsprechende offene Stellen registriert, w\u00e4hrend es 2014 noch 80 Arbeitslose gewesen waren. In der Altenpflege ist der Wert in diesem Zeitraum von 38 auf nur noch 26 arbeitslose Pflegekr\u00e4fte je 100 gemeldete Stellen gesunken<sub><sup>[2]<\/sup><\/sub>.<\/p>\n<h3>Steigender Anteil ausl\u00e4ndischer Fachkr\u00e4fte<\/h3>\n<p>Im Zuge der sich versch\u00e4rfenden Engp\u00e4sse wird in der Pflegebranche zunehmend auf ausl\u00e4ndische Arbeitskr\u00e4fte gesetzt. Ihr Anteil lag im Jahr 2020 bei den Altenpflegekr\u00e4ften mit 15 % (91.000 sozialversicherungspflichtig Besch\u00e4ftigte) etwas h\u00f6her als in der Krankenpflege (9 % bzw. 103.000 Besch\u00e4ftigte). In der Pflege insgesamt waren es rund 11%. In beiden Bereichen ist in den letzten f\u00fcnf Jahren ein deutlicher Anstieg erkennbar<\/p>\n","protected":false},"excerpt":{"rendered":"<p>Die Fachkr\u00e4fteengp\u00e4sse in der Pflege nehmen seit Jahren zu. Zunehmend wird in der Branche auf ausl\u00e4ndische Pflegekr\u00e4fte gesetzt, insbesondere auch aus Nicht-EU-Staaten \u2013 sie \u00fcbersteigen mittlerweile die Zahl der Pflegekr\u00e4fte aus EU-Staaten. Im aktuellen Newsletter zeigen wir auf, welche M\u00f6glichkeiten Arbeitgeber haben, um das Fachkr\u00e4fte- und Nachwuchspotential im Ausland zu nutzen und was sie dabei beachten m\u00fcssen. Die Arbeitsmarktsituation in&hellip;<\/p>\n","protected":false},"author":2,"featured_media":70,"comment_status":"open","ping_status":"closed","sticky":false,"template":"","format":"standard","meta":{"_monsterinsights_skip_tracking":false,"_monsterinsights_sitenote_active":false,"_monsterinsights_sitenote_note":"","_monsterinsights_sitenote_category":0},"categories":[2],"tags":[7,8],"yoast_head":"<!-- This site is optimized with the Yoast SEO Premium plugin v19.3 (Yoast SEO v19.8) - https:\/\/yoast.com\/wordpress\/plugins\/seo\/ -->\n<title>Ausl\u00e4ndische Pflegekr\u00e4fte f\u00fcr den deutschen Arbeitsmarkt gewinnen - Europe Job Center<\/title>\n<meta name=\"robots\" content=\"index, follow, max-snippet:-1, max-image-preview:large, max-video-preview:-1\" \/>\n<link rel=\"canonical\" href=\"https:\/\/www.europejobcenter.com\/de\/how-to-relax-on-vacation\/\" \/>\n<meta property=\"og:locale\" content=\"de_DE\" \/>\n<meta property=\"og:type\" content=\"article\" \/>\n<meta property=\"og:title\" content=\"Ausl\u00e4ndische Pflegekr\u00e4fte f\u00fcr den deutschen Arbeitsmarkt gewinnen\" \/>\n<meta property=\"og:description\" content=\"Die Fachkr\u00e4fteengp\u00e4sse in der Pflege nehmen seit Jahren zu. Zunehmend wird in der Branche auf ausl\u00e4ndische Pflegekr\u00e4fte gesetzt, insbesondere auch aus Nicht-EU-Staaten \u2013 sie \u00fcbersteigen mittlerweile die Zahl der Pflegekr\u00e4fte aus EU-Staaten. Im aktuellen Newsletter zeigen wir auf, welche M\u00f6glichkeiten Arbeitgeber haben, um das Fachkr\u00e4fte- und Nachwuchspotential im Ausland zu nutzen und was sie dabei beachten m\u00fcssen. Die Arbeitsmarktsituation in&hellip;\" \/>\n<meta property=\"og:url\" content=\"https:\/\/www.europejobcenter.com\/de\/how-to-relax-on-vacation\/\" \/>\n<meta property=\"og:site_name\" content=\"Europe Job Center\" \/>\n<meta property=\"article:published_time\" content=\"2017-03-10T09:10:14+00:00\" \/>\n<meta property=\"article:modified_time\" content=\"2022-07-16T21:57:32+00:00\" \/>\n<meta property=\"og:image\" content=\"https:\/\/www.europejobcenter.com\/de\/wp-content\/uploads\/sites\/2\/2017\/03\/post-4.jpg\" \/>\n\t<meta property=\"og:image:width\" content=\"2400\" \/>\n\t<meta property=\"og:image:height\" content=\"1602\" \/>\n\t<meta property=\"og:image:type\" content=\"image\/jpeg\" \/>\n<meta name=\"author\" content=\"Mustafa Dogan\" \/>\n<meta name=\"twitter:card\" content=\"summary_large_image\" \/>\n<meta name=\"twitter:label1\" content=\"Verfasst von\" \/>\n\t<meta name=\"twitter:data1\" content=\"Mustafa Dogan\" \/>\n\t<meta name=\"twitter:label2\" content=\"Gesch\u00e4tzte Lesezeit\" \/>\n\t<meta name=\"twitter:data2\" content=\"2\u00a0Minuten\" \/>\n<script type=\"application\/ld+json\" class=\"yoast-schema-graph\">{\"@context\":\"https:\/\/schema.org\",\"@graph\":[{\"@type\":\"WebPage\",\"@id\":\"https:\/\/www.europejobcenter.com\/de\/how-to-relax-on-vacation\/\",\"url\":\"https:\/\/www.europejobcenter.com\/de\/how-to-relax-on-vacation\/\",\"name\":\"Ausl\u00e4ndische Pflegekr\u00e4fte f\u00fcr den deutschen Arbeitsmarkt gewinnen - Europe Job Center\",\"isPartOf\":{\"@id\":\"https:\/\/www.europejobcenter.com\/de\/#website\"},\"datePublished\":\"2017-03-10T09:10:14+00:00\",\"dateModified\":\"2022-07-16T21:57:32+00:00\",\"author\":{\"@id\":\"https:\/\/www.europejobcenter.com\/de\/#\/schema\/person\/1080b545481c6a21caa1a637ab387cf3\"},\"breadcrumb\":{\"@id\":\"https:\/\/www.europejobcenter.com\/de\/how-to-relax-on-vacation\/#breadcrumb\"},\"inLanguage\":\"de\",\"potentialAction\":[{\"@type\":\"ReadAction\",\"target\":[\"https:\/\/www.europejobcenter.com\/de\/how-to-relax-on-vacation\/\"]}]},{\"@type\":\"BreadcrumbList\",\"@id\":\"https:\/\/www.europejobcenter.com\/de\/how-to-relax-on-vacation\/#breadcrumb\",\"itemListElement\":[{\"@type\":\"ListItem\",\"position\":1,\"name\":\"Anasayfa\",\"item\":\"https:\/\/www.europejobcenter.com\/de\/\"},{\"@type\":\"ListItem\",\"position\":2,\"name\":\"Ausl\u00e4ndische Pflegekr\u00e4fte f\u00fcr den deutschen Arbeitsmarkt gewinnen\"}]},{\"@type\":\"WebSite\",\"@id\":\"https:\/\/www.europejobcenter.com\/de\/#website\",\"url\":\"https:\/\/www.europejobcenter.com\/de\/\",\"name\":\"Europe Job Center\",\"description\":\"Fachkr\u00e4fteeinwanderungsgesetz\",\"potentialAction\":[{\"@type\":\"SearchAction\",\"target\":{\"@type\":\"EntryPoint\",\"urlTemplate\":\"https:\/\/www.europejobcenter.com\/de\/?s={search_term_string}\"},\"query-input\":\"required name=search_term_string\"}],\"inLanguage\":\"de\"},{\"@type\":\"Person\",\"@id\":\"https:\/\/www.europejobcenter.com\/de\/#\/schema\/person\/1080b545481c6a21caa1a637ab387cf3\",\"name\":\"Mustafa Dogan\",\"image\":{\"@type\":\"ImageObject\",\"inLanguage\":\"de\",\"@id\":\"https:\/\/www.europejobcenter.com\/de\/#\/schema\/person\/image\/\",\"url\":\"https:\/\/secure.gravatar.com\/avatar\/b365f1c6cdbfeb9905f04b85d8ce8cc4?s=96&d=mm&r=g\",\"contentUrl\":\"https:\/\/secure.gravatar.com\/avatar\/b365f1c6cdbfeb9905f04b85d8ce8cc4?s=96&d=mm&r=g\",\"caption\":\"Mustafa Dogan\"},\"url\":\"https:\/\/www.europejobcenter.com\/de\/author\/orhancetinkaya\/\"}]}<\/script>\n<!-- \/ Yoast SEO Premium plugin. -->","yoast_head_json":{"title":"Ausl\u00e4ndische Pflegekr\u00e4fte f\u00fcr den deutschen Arbeitsmarkt gewinnen - Europe Job Center","robots":{"index":"index","follow":"follow","max-snippet":"max-snippet:-1","max-image-preview":"max-image-preview:large","max-video-preview":"max-video-preview:-1"},"canonical":"https:\/\/www.europejobcenter.com\/de\/how-to-relax-on-vacation\/","og_locale":"de_DE","og_type":"article","og_title":"Ausl\u00e4ndische Pflegekr\u00e4fte f\u00fcr den deutschen Arbeitsmarkt gewinnen","og_description":"Die Fachkr\u00e4fteengp\u00e4sse in der Pflege nehmen seit Jahren zu. Zunehmend wird in der Branche auf ausl\u00e4ndische Pflegekr\u00e4fte gesetzt, insbesondere auch aus Nicht-EU-Staaten \u2013 sie \u00fcbersteigen mittlerweile die Zahl der Pflegekr\u00e4fte aus EU-Staaten. Im aktuellen Newsletter zeigen wir auf, welche M\u00f6glichkeiten Arbeitgeber haben, um das Fachkr\u00e4fte- und Nachwuchspotential im Ausland zu nutzen und was sie dabei beachten m\u00fcssen. Die Arbeitsmarktsituation in&hellip;","og_url":"https:\/\/www.europejobcenter.com\/de\/how-to-relax-on-vacation\/","og_site_name":"Europe Job Center","article_published_time":"2017-03-10T09:10:14+00:00","article_modified_time":"2022-07-16T21:57:32+00:00","og_image":[{"width":2400,"height":1602,"url":"https:\/\/www.europejobcenter.com\/de\/wp-content\/uploads\/sites\/2\/2017\/03\/post-4.jpg","type":"image\/jpeg"}],"author":"Mustafa Dogan","twitter_card":"summary_large_image","twitter_misc":{"Verfasst von":"Mustafa Dogan","Gesch\u00e4tzte Lesezeit":"2\u00a0Minuten"},"schema":{"@context":"https:\/\/schema.org","@graph":[{"@type":"WebPage","@id":"https:\/\/www.europejobcenter.com\/de\/how-to-relax-on-vacation\/","url":"https:\/\/www.europejobcenter.com\/de\/how-to-relax-on-vacation\/","name":"Ausl\u00e4ndische Pflegekr\u00e4fte f\u00fcr den deutschen Arbeitsmarkt gewinnen - Europe Job Center","isPartOf":{"@id":"https:\/\/www.europejobcenter.com\/de\/#website"},"datePublished":"2017-03-10T09:10:14+00:00","dateModified":"2022-07-16T21:57:32+00:00","author":{"@id":"https:\/\/www.europejobcenter.com\/de\/#\/schema\/person\/1080b545481c6a21caa1a637ab387cf3"},"breadcrumb":{"@id":"https:\/\/www.europejobcenter.com\/de\/how-to-relax-on-vacation\/#breadcrumb"},"inLanguage":"de","potentialAction":[{"@type":"ReadAction","target":["https:\/\/www.europejobcenter.com\/de\/how-to-relax-on-vacation\/"]}]},{"@type":"BreadcrumbList","@id":"https:\/\/www.europejobcenter.com\/de\/how-to-relax-on-vacation\/#breadcrumb","itemListElement":[{"@type":"ListItem","position":1,"name":"Anasayfa","item":"https:\/\/www.europejobcenter.com\/de\/"},{"@type":"ListItem","position":2,"name":"Ausl\u00e4ndische Pflegekr\u00e4fte f\u00fcr den deutschen Arbeitsmarkt gewinnen"}]},{"@type":"WebSite","@id":"https:\/\/www.europejobcenter.com\/de\/#website","url":"https:\/\/www.europejobcenter.com\/de\/","name":"Europe Job Center","description":"Fachkr\u00e4fteeinwanderungsgesetz","potentialAction":[{"@type":"SearchAction","target":{"@type":"EntryPoint","urlTemplate":"https:\/\/www.europejobcenter.com\/de\/?s={search_term_string}"},"query-input":"required name=search_term_string"}],"inLanguage":"de"},{"@type":"Person","@id":"https:\/\/www.europejobcenter.com\/de\/#\/schema\/person\/1080b545481c6a21caa1a637ab387cf3","name":"Mustafa Dogan","image":{"@type":"ImageObject","inLanguage":"de","@id":"https:\/\/www.europejobcenter.com\/de\/#\/schema\/person\/image\/","url":"https:\/\/secure.gravatar.com\/avatar\/b365f1c6cdbfeb9905f04b85d8ce8cc4?s=96&d=mm&r=g","contentUrl":"https:\/\/secure.gravatar.com\/avatar\/b365f1c6cdbfeb9905f04b85d8ce8cc4?s=96&d=mm&r=g","caption":"Mustafa Dogan"},"url":"https:\/\/www.europejobcenter.com\/de\/author\/orhancetinkaya\/"}]}},"_links":{"self":[{"href":"https:\/\/www.europejobcenter.com\/de\/wp-json\/wp\/v2\/posts\/88"}],"collection":[{"href":"https:\/\/www.europejobcenter.com\/de\/wp-json\/wp\/v2\/posts"}],"about":[{"href":"https:\/\/www.europejobcenter.com\/de\/wp-json\/wp\/v2\/types\/post"}],"author":[{"embeddable":true,"href":"https:\/\/www.europejobcenter.com\/de\/wp-json\/wp\/v2\/users\/2"}],"replies":[{"embeddable":true,"href":"https:\/\/www.europejobcenter.com\/de\/wp-json\/wp\/v2\/comments?post=88"}],"version-history":[{"count":1,"href":"https:\/\/www.europejobcenter.com\/de\/wp-json\/wp\/v2\/posts\/88\/revisions"}],"predecessor-version":[{"id":1092,"href":"https:\/\/www.europejobcenter.com\/de\/wp-json\/wp\/v2\/posts\/88\/revisions\/1092"}],"wp:featuredmedia":[{"embeddable":true,"href":"https:\/\/www.europejobcenter.com\/de\/wp-json\/wp\/v2\/media\/70"}],"wp:attachment":[{"href":"https:\/\/www.europejobcenter.com\/de\/wp-json\/wp\/v2\/media?parent=88"}],"wp:term":[{"taxonomy":"category","embeddable":true,"href":"https:\/\/www.europejobcenter.com\/de\/wp-json\/wp\/v2\/categories?post=88"},{"taxonomy":"post_tag","embeddable":true,"href":"https:\/\/www.europejobcenter.com\/de\/wp-json\/wp\/v2\/tags?post=88"}],"curies":[{"name":"wp","href":"https:\/\/api.w.org\/{rel}","templated":true}]}}