{"id":86,"date":"2017-03-14T09:01:09","date_gmt":"2017-03-14T09:01:09","guid":{"rendered":"http:\/\/christine-miller.dv.themerex.net\/?p=86"},"modified":"2022-07-16T23:54:23","modified_gmt":"2022-07-16T21:54:23","slug":"how-to-declutter-and-simplify","status":"publish","type":"post","link":"https:\/\/www.europejobcenter.com\/de\/how-to-declutter-and-simplify\/","title":{"rendered":"Fachkr\u00e4fteeinwanderung mit dem beschleunigten Fachkr\u00e4fteverfahren \u2013 Wie funktioniert es?"},"content":{"rendered":"<p><em>Mit dem Fachkr\u00e4fteeinwanderungsgesetz wurde ein neues Instrument zur Unterst\u00fctzung einer schnelleren Einreise von ausl\u00e4ndischen Fachkr\u00e4ften geschaffen: das beschleunigte Fachkr\u00e4fteverfahren (\u00a7 81a AufenthG). Arbeitgeber in Deutschland k\u00f6nnen auf diese Weise das Anerkennungs- und Visumverfahren ihrer ausl\u00e4ndischen Fachkr\u00e4fte verk\u00fcrzen. Zwei Jahre nach der Einf\u00fchrung des Verfahrens gibt es erste Erfahrungen und es lohnt sich eine Reflexion seiner Funktionsweise und beh\u00f6rdlichen Praxis<\/em>.<\/p>\n<h2 class=\"no-underline\">Ausgangslage: Warum das beschleunigte Fachkr\u00e4fteverfahren?<\/h2>\n<p>Das beschleunigte Fachkr\u00e4fteverfahren nach \u00a7 81a AufenthG ist eine Verfahrensoption f\u00fcr Arbeitgeber zur Beschleunigung der Einreise von ausl\u00e4ndischen Fachkr\u00e4ften durch schnellere Verfahren zur Berufsanerkennung, Zustimmung zur Besch\u00e4ftigung sowie zur Visumerteilung. F\u00fcr Arbeitgeber ist die schnelle Durchf\u00fchrung dieser Vorg\u00e4nge ein Hauptanliegen im Prozess der Auslandsrekrutierung. In der Vergangenheit wurde beklagt, dass die beh\u00f6rdlichen Verfahren zur Einreise von Fachkr\u00e4ften oft zu lange dauern. Vor allem die Visumerteilung bei Fachkr\u00e4ften aus visumpflichtigen L\u00e4ndern war in bestimmten deutschen Auslandsvertretungen wegen eingeschr\u00e4nkter Ressourcen oft verz\u00f6gert<sup>[1]<\/sup>.<\/p>\n<p>Mit dem beschleunigten Fachkr\u00e4fteverfahren wird somit nicht nur der Weg f\u00fcr qualifizierte Fachkr\u00e4fte aus Drittstaaten vereinfacht, sondern es bietet auch deutschen Unternehmen einen planbaren Einreiseprozess: Die Dauer des Verwaltungsverfahrens wird durch gesetzlich festgelegte Fristen verk\u00fcrzt und der Arbeitgeber wird durch die zust\u00e4ndige Beh\u00f6rde in Deutschland betreut.<\/p>\n<p>F\u00fcr folgende Personengruppen aus Drittstaaten ist das beschleunigte Fachkr\u00e4fteverfahren m\u00f6glich:<\/p>\n<ul>\n<li class=\"rtelist-item\">Fachkr\u00e4fte mit Berufsausbildung<\/li>\n<li class=\"rtelist-item\">Fachkr\u00e4fte mit akademischer Ausbildung<\/li>\n<li class=\"rtelist-item\">Auszubildende, die eine betriebliche Ausbildung in Deutschland anstreben<\/li>\n<li class=\"rtelist-item\">Berufssch\u00fclerinnen und -sch\u00fcler, wenn eine Anschlusst\u00e4tigkeit nach Absolvierung der schulischen Ausbildung nachgewiesen wird<\/li>\n<li class=\"rtelist-item\">Fachkr\u00e4fte, die f\u00fcr Qualifizierungsma\u00dfnahmen zur Berufsanerkennung einreisen<\/li>\n<li class=\"rtelist-item\">Forschungspersonal<\/li>\n<li class=\"rtelist-item\">IT-Fachkr\u00e4fte ohne formale Qualifikation, aber mit berufspraktischen Erfahrungen<\/li>\n<\/ul>\n<h2 class=\"no-underline\">Durchf\u00fchrung des beschleunigten Verfahrens: Wie funktioniert es?<\/h2>\n<p>Mit dem Vorliegen eines\u00a0<strong>konkreten Arbeitsvertrags<\/strong>\u00a0und einer\u00a0<strong>Vollmacht der ausl\u00e4ndischen Fachkraft<\/strong>\u00a0k\u00f6nnen Arbeitgeber das beschleunigte Verfahren bei der\u00a0<a class=\"glossar has-tip\" tabindex=\"1\" title=\"\" href=\"https:\/\/www.make-it-in-germany.com\/de\/service\/glossar\/glossar\/do\/show\/auslaenderbehoerde\" data-tooltip=\"\" data-position=\"bottom\" data-alignment=\"left\" aria-describedby=\"c3azl1-tooltip\" data-yeti-box=\"c3azl1-tooltip\" data-toggle=\"c3azl1-tooltip\" data-resize=\"c3azl1-tooltip\" data-e=\"nnvjcf-e\"><mark class=\"glossar\" data-markjs=\"true\">Ausl\u00e4nderbeh\u00f6rde<\/mark><\/a>\u00a0in Deutschland einleiten (siehe Abbildung 1). Je nach Bundesland wurde entweder eine zentrale Stelle eingerichtet, die sich um das Verfahren k\u00fcmmert oder die jeweilige \u00f6rtlich zust\u00e4ndige\u00a0<span class=\"ignore-glossary\">Ausl\u00e4nderbeh\u00f6rde<\/span>\u00a0\u00fcbernimmt dies.<\/p>\n<header>Arbeitgeber sollten sich daher an die in dem jeweiligen Bundesland f\u00fcr das Verfahren zust\u00e4ndige\u00a0<span class=\"ignore-glossary\">Ausl\u00e4nderbeh\u00f6rde<\/span>\u00a0wenden. Die\u00a0<span class=\"ignore-glossary\">Ausl\u00e4nderbeh\u00f6rde<\/span>\u00a0ist dabei die Schnittstelle zwischen den Verfahrensbeteiligten (Arbeitgeber, Anerkennungsstelle, Arbeitsverwaltung, Auslandsvertretung) und hat umfassende Beratungsaufgaben gegen\u00fcber dem Arbeitgeber.\u00a0In der Praxis kooperieren viele zust\u00e4ndige Beh\u00f6rden mit bereits existierenden und gut aufgestellten regionalen Strukturen wie dem IQ Netzwerk zu Anerkennungsfragen oder auch den regionalen Welcome Centern. Bei der Durchf\u00fchrung des Fachkr\u00e4fteverfahrens sind, wie in der Abbildung 1 gezeigt, folgende Schritte wichtig:<\/p>\n<ul>\n<li><strong>Abschluss einer Vereinbarung<\/strong>: Die\u00a0<span class=\"ignore-glossary\">Ausl\u00e4nderbeh\u00f6rde<\/span>\u00a0und der Arbeitgeber schlie\u00dfen eine Vereinbarung, die die Verpflichtungen des Arbeitgebers, die der Fachkraft und aller ansonsten am Verfahren Beteiligter beinhaltet. Dar\u00fcber hinaus erh\u00e4lt der Arbeitgeber eine Beschreibung der Abl\u00e4ufe, einschlie\u00dflich der Nennung der Beteiligten, der beizubringenden Nachweise und der Fristen.<\/li>\n<\/ul>\n<\/header>\n<div class=\"ce-image ce-center ce-above\">\n<div class=\"ce-gallery\" data-ce-columns=\"1\" data-ce-images=\"1\">\n<div class=\"ce-outer\">\n<div class=\"ce-inner\">\n<div class=\"ce-row\">\n<div class=\"ce-column\"><\/div>\n<\/div>\n<\/div>\n<\/div>\n<\/div>\n<\/div>\n","protected":false},"excerpt":{"rendered":"<p>Mit dem Fachkr\u00e4fteeinwanderungsgesetz wurde ein neues Instrument zur Unterst\u00fctzung einer schnelleren Einreise von ausl\u00e4ndischen Fachkr\u00e4ften geschaffen: das beschleunigte Fachkr\u00e4fteverfahren (\u00a7 81a AufenthG). Arbeitgeber in Deutschland k\u00f6nnen auf diese Weise das Anerkennungs- und Visumverfahren ihrer ausl\u00e4ndischen Fachkr\u00e4fte verk\u00fcrzen. Zwei Jahre nach der Einf\u00fchrung des Verfahrens gibt es erste Erfahrungen und es lohnt sich eine Reflexion seiner Funktionsweise und beh\u00f6rdlichen Praxis. Ausgangslage:&hellip;<\/p>\n","protected":false},"author":2,"featured_media":69,"comment_status":"open","ping_status":"closed","sticky":false,"template":"","format":"standard","meta":{"_monsterinsights_skip_tracking":false,"_monsterinsights_sitenote_active":false,"_monsterinsights_sitenote_note":"","_monsterinsights_sitenote_category":0},"categories":[2],"tags":[9,10],"yoast_head":"<!-- This site is optimized with the Yoast SEO Premium plugin v19.3 (Yoast SEO v19.8) - https:\/\/yoast.com\/wordpress\/plugins\/seo\/ -->\n<title>Fachkr\u00e4fteeinwanderung mit dem beschleunigten Fachkr\u00e4fteverfahren \u2013 Wie funktioniert es? - Europe Job Center<\/title>\n<meta name=\"robots\" content=\"index, follow, max-snippet:-1, max-image-preview:large, max-video-preview:-1\" \/>\n<link rel=\"canonical\" href=\"https:\/\/www.europejobcenter.com\/de\/how-to-declutter-and-simplify\/\" \/>\n<meta property=\"og:locale\" content=\"de_DE\" \/>\n<meta property=\"og:type\" content=\"article\" \/>\n<meta property=\"og:title\" content=\"Fachkr\u00e4fteeinwanderung mit dem beschleunigten Fachkr\u00e4fteverfahren \u2013 Wie funktioniert es?\" \/>\n<meta property=\"og:description\" content=\"Mit dem Fachkr\u00e4fteeinwanderungsgesetz wurde ein neues Instrument zur Unterst\u00fctzung einer schnelleren Einreise von ausl\u00e4ndischen Fachkr\u00e4ften geschaffen: das beschleunigte Fachkr\u00e4fteverfahren (\u00a7 81a AufenthG). Arbeitgeber in Deutschland k\u00f6nnen auf diese Weise das Anerkennungs- und Visumverfahren ihrer ausl\u00e4ndischen Fachkr\u00e4fte verk\u00fcrzen. Zwei Jahre nach der Einf\u00fchrung des Verfahrens gibt es erste Erfahrungen und es lohnt sich eine Reflexion seiner Funktionsweise und beh\u00f6rdlichen Praxis. Ausgangslage:&hellip;\" \/>\n<meta property=\"og:url\" content=\"https:\/\/www.europejobcenter.com\/de\/how-to-declutter-and-simplify\/\" \/>\n<meta property=\"og:site_name\" content=\"Europe Job Center\" \/>\n<meta property=\"article:published_time\" content=\"2017-03-14T09:01:09+00:00\" \/>\n<meta property=\"article:modified_time\" content=\"2022-07-16T21:54:23+00:00\" \/>\n<meta property=\"og:image\" content=\"https:\/\/www.europejobcenter.com\/de\/wp-content\/uploads\/sites\/2\/2017\/03\/post-3.jpg\" \/>\n\t<meta property=\"og:image:width\" content=\"2400\" \/>\n\t<meta property=\"og:image:height\" content=\"1603\" \/>\n\t<meta property=\"og:image:type\" content=\"image\/jpeg\" \/>\n<meta name=\"author\" content=\"Mustafa Dogan\" \/>\n<meta name=\"twitter:card\" content=\"summary_large_image\" \/>\n<meta name=\"twitter:label1\" content=\"Verfasst von\" \/>\n\t<meta name=\"twitter:data1\" content=\"Mustafa Dogan\" \/>\n\t<meta name=\"twitter:label2\" content=\"Gesch\u00e4tzte Lesezeit\" \/>\n\t<meta name=\"twitter:data2\" content=\"3\u00a0Minuten\" \/>\n<script type=\"application\/ld+json\" class=\"yoast-schema-graph\">{\"@context\":\"https:\/\/schema.org\",\"@graph\":[{\"@type\":\"WebPage\",\"@id\":\"https:\/\/www.europejobcenter.com\/de\/how-to-declutter-and-simplify\/\",\"url\":\"https:\/\/www.europejobcenter.com\/de\/how-to-declutter-and-simplify\/\",\"name\":\"Fachkr\u00e4fteeinwanderung mit dem beschleunigten Fachkr\u00e4fteverfahren \u2013 Wie funktioniert es? - Europe Job Center\",\"isPartOf\":{\"@id\":\"https:\/\/www.europejobcenter.com\/de\/#website\"},\"datePublished\":\"2017-03-14T09:01:09+00:00\",\"dateModified\":\"2022-07-16T21:54:23+00:00\",\"author\":{\"@id\":\"https:\/\/www.europejobcenter.com\/de\/#\/schema\/person\/1080b545481c6a21caa1a637ab387cf3\"},\"breadcrumb\":{\"@id\":\"https:\/\/www.europejobcenter.com\/de\/how-to-declutter-and-simplify\/#breadcrumb\"},\"inLanguage\":\"de\",\"potentialAction\":[{\"@type\":\"ReadAction\",\"target\":[\"https:\/\/www.europejobcenter.com\/de\/how-to-declutter-and-simplify\/\"]}]},{\"@type\":\"BreadcrumbList\",\"@id\":\"https:\/\/www.europejobcenter.com\/de\/how-to-declutter-and-simplify\/#breadcrumb\",\"itemListElement\":[{\"@type\":\"ListItem\",\"position\":1,\"name\":\"Anasayfa\",\"item\":\"https:\/\/www.europejobcenter.com\/de\/\"},{\"@type\":\"ListItem\",\"position\":2,\"name\":\"Fachkr\u00e4fteeinwanderung mit dem beschleunigten Fachkr\u00e4fteverfahren \u2013 Wie funktioniert es?\"}]},{\"@type\":\"WebSite\",\"@id\":\"https:\/\/www.europejobcenter.com\/de\/#website\",\"url\":\"https:\/\/www.europejobcenter.com\/de\/\",\"name\":\"Europe Job Center\",\"description\":\"Fachkr\u00e4fteeinwanderungsgesetz\",\"potentialAction\":[{\"@type\":\"SearchAction\",\"target\":{\"@type\":\"EntryPoint\",\"urlTemplate\":\"https:\/\/www.europejobcenter.com\/de\/?s={search_term_string}\"},\"query-input\":\"required name=search_term_string\"}],\"inLanguage\":\"de\"},{\"@type\":\"Person\",\"@id\":\"https:\/\/www.europejobcenter.com\/de\/#\/schema\/person\/1080b545481c6a21caa1a637ab387cf3\",\"name\":\"Mustafa Dogan\",\"image\":{\"@type\":\"ImageObject\",\"inLanguage\":\"de\",\"@id\":\"https:\/\/www.europejobcenter.com\/de\/#\/schema\/person\/image\/\",\"url\":\"https:\/\/secure.gravatar.com\/avatar\/b365f1c6cdbfeb9905f04b85d8ce8cc4?s=96&d=mm&r=g\",\"contentUrl\":\"https:\/\/secure.gravatar.com\/avatar\/b365f1c6cdbfeb9905f04b85d8ce8cc4?s=96&d=mm&r=g\",\"caption\":\"Mustafa Dogan\"},\"url\":\"https:\/\/www.europejobcenter.com\/de\/author\/orhancetinkaya\/\"}]}<\/script>\n<!-- \/ Yoast SEO Premium plugin. -->","yoast_head_json":{"title":"Fachkr\u00e4fteeinwanderung mit dem beschleunigten Fachkr\u00e4fteverfahren \u2013 Wie funktioniert es? - Europe Job Center","robots":{"index":"index","follow":"follow","max-snippet":"max-snippet:-1","max-image-preview":"max-image-preview:large","max-video-preview":"max-video-preview:-1"},"canonical":"https:\/\/www.europejobcenter.com\/de\/how-to-declutter-and-simplify\/","og_locale":"de_DE","og_type":"article","og_title":"Fachkr\u00e4fteeinwanderung mit dem beschleunigten Fachkr\u00e4fteverfahren \u2013 Wie funktioniert es?","og_description":"Mit dem Fachkr\u00e4fteeinwanderungsgesetz wurde ein neues Instrument zur Unterst\u00fctzung einer schnelleren Einreise von ausl\u00e4ndischen Fachkr\u00e4ften geschaffen: das beschleunigte Fachkr\u00e4fteverfahren (\u00a7 81a AufenthG). Arbeitgeber in Deutschland k\u00f6nnen auf diese Weise das Anerkennungs- und Visumverfahren ihrer ausl\u00e4ndischen Fachkr\u00e4fte verk\u00fcrzen. Zwei Jahre nach der Einf\u00fchrung des Verfahrens gibt es erste Erfahrungen und es lohnt sich eine Reflexion seiner Funktionsweise und beh\u00f6rdlichen Praxis. Ausgangslage:&hellip;","og_url":"https:\/\/www.europejobcenter.com\/de\/how-to-declutter-and-simplify\/","og_site_name":"Europe Job Center","article_published_time":"2017-03-14T09:01:09+00:00","article_modified_time":"2022-07-16T21:54:23+00:00","og_image":[{"width":2400,"height":1603,"url":"https:\/\/www.europejobcenter.com\/de\/wp-content\/uploads\/sites\/2\/2017\/03\/post-3.jpg","type":"image\/jpeg"}],"author":"Mustafa Dogan","twitter_card":"summary_large_image","twitter_misc":{"Verfasst von":"Mustafa Dogan","Gesch\u00e4tzte Lesezeit":"3\u00a0Minuten"},"schema":{"@context":"https:\/\/schema.org","@graph":[{"@type":"WebPage","@id":"https:\/\/www.europejobcenter.com\/de\/how-to-declutter-and-simplify\/","url":"https:\/\/www.europejobcenter.com\/de\/how-to-declutter-and-simplify\/","name":"Fachkr\u00e4fteeinwanderung mit dem beschleunigten Fachkr\u00e4fteverfahren \u2013 Wie funktioniert es? - Europe Job Center","isPartOf":{"@id":"https:\/\/www.europejobcenter.com\/de\/#website"},"datePublished":"2017-03-14T09:01:09+00:00","dateModified":"2022-07-16T21:54:23+00:00","author":{"@id":"https:\/\/www.europejobcenter.com\/de\/#\/schema\/person\/1080b545481c6a21caa1a637ab387cf3"},"breadcrumb":{"@id":"https:\/\/www.europejobcenter.com\/de\/how-to-declutter-and-simplify\/#breadcrumb"},"inLanguage":"de","potentialAction":[{"@type":"ReadAction","target":["https:\/\/www.europejobcenter.com\/de\/how-to-declutter-and-simplify\/"]}]},{"@type":"BreadcrumbList","@id":"https:\/\/www.europejobcenter.com\/de\/how-to-declutter-and-simplify\/#breadcrumb","itemListElement":[{"@type":"ListItem","position":1,"name":"Anasayfa","item":"https:\/\/www.europejobcenter.com\/de\/"},{"@type":"ListItem","position":2,"name":"Fachkr\u00e4fteeinwanderung mit dem beschleunigten Fachkr\u00e4fteverfahren \u2013 Wie funktioniert es?"}]},{"@type":"WebSite","@id":"https:\/\/www.europejobcenter.com\/de\/#website","url":"https:\/\/www.europejobcenter.com\/de\/","name":"Europe Job Center","description":"Fachkr\u00e4fteeinwanderungsgesetz","potentialAction":[{"@type":"SearchAction","target":{"@type":"EntryPoint","urlTemplate":"https:\/\/www.europejobcenter.com\/de\/?s={search_term_string}"},"query-input":"required name=search_term_string"}],"inLanguage":"de"},{"@type":"Person","@id":"https:\/\/www.europejobcenter.com\/de\/#\/schema\/person\/1080b545481c6a21caa1a637ab387cf3","name":"Mustafa Dogan","image":{"@type":"ImageObject","inLanguage":"de","@id":"https:\/\/www.europejobcenter.com\/de\/#\/schema\/person\/image\/","url":"https:\/\/secure.gravatar.com\/avatar\/b365f1c6cdbfeb9905f04b85d8ce8cc4?s=96&d=mm&r=g","contentUrl":"https:\/\/secure.gravatar.com\/avatar\/b365f1c6cdbfeb9905f04b85d8ce8cc4?s=96&d=mm&r=g","caption":"Mustafa Dogan"},"url":"https:\/\/www.europejobcenter.com\/de\/author\/orhancetinkaya\/"}]}},"_links":{"self":[{"href":"https:\/\/www.europejobcenter.com\/de\/wp-json\/wp\/v2\/posts\/86"}],"collection":[{"href":"https:\/\/www.europejobcenter.com\/de\/wp-json\/wp\/v2\/posts"}],"about":[{"href":"https:\/\/www.europejobcenter.com\/de\/wp-json\/wp\/v2\/types\/post"}],"author":[{"embeddable":true,"href":"https:\/\/www.europejobcenter.com\/de\/wp-json\/wp\/v2\/users\/2"}],"replies":[{"embeddable":true,"href":"https:\/\/www.europejobcenter.com\/de\/wp-json\/wp\/v2\/comments?post=86"}],"version-history":[{"count":1,"href":"https:\/\/www.europejobcenter.com\/de\/wp-json\/wp\/v2\/posts\/86\/revisions"}],"predecessor-version":[{"id":1091,"href":"https:\/\/www.europejobcenter.com\/de\/wp-json\/wp\/v2\/posts\/86\/revisions\/1091"}],"wp:featuredmedia":[{"embeddable":true,"href":"https:\/\/www.europejobcenter.com\/de\/wp-json\/wp\/v2\/media\/69"}],"wp:attachment":[{"href":"https:\/\/www.europejobcenter.com\/de\/wp-json\/wp\/v2\/media?parent=86"}],"wp:term":[{"taxonomy":"category","embeddable":true,"href":"https:\/\/www.europejobcenter.com\/de\/wp-json\/wp\/v2\/categories?post=86"},{"taxonomy":"post_tag","embeddable":true,"href":"https:\/\/www.europejobcenter.com\/de\/wp-json\/wp\/v2\/tags?post=86"}],"curies":[{"name":"wp","href":"https:\/\/api.w.org\/{rel}","templated":true}]}}